{"id":62,"date":"2017-02-21T14:01:13","date_gmt":"2017-02-21T13:01:13","guid":{"rendered":"https:\/\/www.zscorvin.sk\/sk\/?p=62"},"modified":"2017-02-21T14:01:13","modified_gmt":"2017-02-21T13:01:13","slug":"den-zeme","status":"publish","type":"post","link":"https:\/\/www.zscorvin.sk\/sk\/den-zeme\/","title":{"rendered":"De\u0148 Zeme"},"content":{"rendered":"<p style=\"text-align: justify;\">Na na\u0161ej \u0161kole si pripom<img loading=\"lazy\" class=\"wp-image-63 size-full alignleft\" src=\"https:\/\/www.zscorvin.sk\/sk\/wp-content\/uploads\/2017\/02\/Fold_Napja.jpg\" width=\"200\" height=\"124\" srcset=\"https:\/\/www.zscorvin.sk\/sk\/wp-content\/uploads\/2017\/02\/Fold_Napja.jpg 200w, https:\/\/www.zscorvin.sk\/sk\/wp-content\/uploads\/2017\/02\/Fold_Napja-150x93.jpg 150w\" sizes=\"(max-width: 200px) 100vw, 200px\" \/>\u00edname aj De\u0148 Zeme. V tento de\u0148 m\u00f4\u017ee ka\u017ed\u00e1 trieda vyhotovi\u0165 obrovsk\u00fd plag\u00e1t, ktor\u00fdm vyjadr\u00ed svoj n\u00e1zor ku D\u0148u Zeme. Potom na \u0161kolskom dvore vys\u00e1dzame stromy a kr\u00edky, ktor\u00e9 k tomuto d\u0148u venovali rodi\u010dia a pedag\u00f3govia. Cez \u0161kolsk\u00fd rozhlas si \u017eiaci m\u00f4\u017eu vypo\u010du\u0165 program venovan\u00fd ohrozeniu fauny a fl\u00f3ry na na\u0161ej plan\u00e9te. Ver\u00edme, \u017ee aj t\u00fdmto motivujeme \u017eiakov k zodpovednej\u0161iemu pr\u00edstupu k \u017eivotn\u00e9mu prostrediu.<\/p>\n","protected":false},"excerpt":{"rendered":"<p style=\"text-align: justify;\">Na na\u0161ej \u0161kole si pripom\u00edname aj De\u0148 Zeme. V tento de\u0148 m\u00f4\u017ee ka\u017ed\u00e1 trieda vyhotovi\u0165 obrovsk\u00fd plag\u00e1t, ktor\u00fdm vyjadr\u00ed svoj n\u00e1zor ku D\u0148u Zeme. Potom na \u0161kolskom dvore vys\u00e1dzame stromy a kr\u00edky, ktor\u00e9 k tomuto d\u0148u venovali rodi\u010dia a pedag\u00f3govia. Cez \u0161kolsk\u00fd rozhlas si \u017eiaci m\u00f4\u017eu vypo\u010du\u0165 program venovan\u00fd ohrozeniu fauny a fl\u00f3ry &hellip; <\/p>\n<p><a class=\"more-link block-button\" href=\"https:\/\/www.zscorvin.sk\/sk\/den-zeme\/\">Chcem vedie\u0165 viac &raquo;<\/a><\/p>\n","protected":false},"author":1,"featured_media":0,"comment_status":"open","ping_status":"open","sticky":false,"template":"","format":"standard","meta":[],"categories":[2],"tags":[],"_links":{"self":[{"href":"https:\/\/www.zscorvin.sk\/sk\/wp-json\/wp\/v2\/posts\/62"}],"collection":[{"href":"https:\/\/www.zscorvin.sk\/sk\/wp-json\/wp\/v2\/posts"}],"about":[{"href":"https:\/\/www.zscorvin.sk\/sk\/wp-json\/wp\/v2\/types\/post"}],"author":[{"embeddable":true,"href":"https:\/\/www.zscorvin.sk\/sk\/wp-json\/wp\/v2\/users\/1"}],"replies":[{"embeddable":true,"href":"https:\/\/www.zscorvin.sk\/sk\/wp-json\/wp\/v2\/comments?post=62"}],"version-history":[{"count":1,"href":"https:\/\/www.zscorvin.sk\/sk\/wp-json\/wp\/v2\/posts\/62\/revisions"}],"predecessor-version":[{"id":64,"href":"https:\/\/www.zscorvin.sk\/sk\/wp-json\/wp\/v2\/posts\/62\/revisions\/64"}],"wp:attachment":[{"href":"https:\/\/www.zscorvin.sk\/sk\/wp-json\/wp\/v2\/media?parent=62"}],"wp:term":[{"taxonomy":"category","embeddable":true,"href":"https:\/\/www.zscorvin.sk\/sk\/wp-json\/wp\/v2\/categories?post=62"},{"taxonomy":"post_tag","embeddable":true,"href":"https:\/\/www.zscorvin.sk\/sk\/wp-json\/wp\/v2\/tags?post=62"}],"curies":[{"name":"wp","href":"https:\/\/api.w.org\/{rel}","templated":true}]}}